{"provider_url": "https://www.irati.pr.leg.br", "title": "C\u00e2mara solicita melhorias em vias urbanas", "html": "<p style=\"text-align: justify; \">\u00a0 \u00a0Na Sess\u00e3o Ordin\u00e1ria do dia 06 de novembro, os vereadores apresentaram dois requerimentos e sete indica\u00e7\u00f5es ao executivo, em sua maioria, para melhorias e recupera\u00e7\u00e3o de vias urbanas. As propostas foram enaltecidas por todos os vereadores e aprovadas por unanimidade de votos.</p>\r\n<p style=\"text-align: justify; \">\u00a0 \u00a0O Vereador Edson Lu\u00eds Elias sugeriu a realiza\u00e7\u00e3o de estudos pelo Iratran, para implanta\u00e7\u00e3o de redutores de velocidade na Rua Alexandre Pavelski (na altura do n\u00ba 640), no bairro Alto da Gl\u00f3ria e na Rua Angelim Mosele (altura da Floricultura Casa Verde), no bairro Jardim Calif\u00f3rnia. Segundo ele, o pedido se justifica, devido \u00e0 alta velocidade com que os condutores trafegam nas referidas vias, causando receio aos moradores locais e pedestres. Tamb\u00e9m sugeriu que sejam realizadas melhorias na \u201cTravessa n\u00ba 01\u201d da Avenida Get\u00falio Vargas (defronte ao port\u00e3o do almoxarifado da empresa Fobr\u00e1s), com recoloca\u00e7\u00e3o de duas bocas de lobo; substitui\u00e7\u00e3o de l\u00e2mpada queimada no poste de ilumina\u00e7\u00e3o p\u00fablica e dragagem e limpeza do rio. \u201cOs servi\u00e7os indicados s\u00e3o medidas simples, mas que se fazem necess\u00e1rias e ir\u00e3o acarretar uma consider\u00e1vel melhora na qualidade de vida dos moradores da regi\u00e3o\u201d, afirmou o vereador.</p>\r\n<p style=\"text-align: justify; \">\u00a0 \u00a0 Elias tamb\u00e9m solicitou servi\u00e7os de patrolamento na Rua Deocleciano de Quadros (Travessa da Rua Trajano Gr\u00e1cia \u2013 em frente \u00e0 Vidra\u00e7aria Gugu), bem como, das Ruas Bernardino Rebesco, Alberto Rebesco e Otac\u00edlia A. Belich, localizadas no bairro Jardim Virg\u00ednia. De acordo com ele, as referidas vias encontram-se mal conservadas, causando preju\u00edzos e transtornos aos condutores e moradores. Por fim, ainda sugeriu, para fins de seguran\u00e7a e prote\u00e7\u00e3o, a recoloca\u00e7\u00e3o de tampa nas bocas de lobo da Rua Trajano Gr\u00e1cia (em frente ao n\u00ba 650 \u2013 ao lado do Posto Petrobr\u00e1s) e da Rua Joaquim de Paula Neves (fundos do Hospital Agnus Dei, no bairro Canisianas).</p>\r\n<p style=\"text-align: justify; \">\u00a0 \u00a0 J\u00e1 o vice-presidente Roni Surek solicitou recupera\u00e7\u00e3o e melhorias na Travessa Trajano Gr\u00e1cia, no bairro Stroparo. Segundo ele, esta via encontra-se em p\u00e9ssimas condi\u00e7\u00f5es de uso, tanto por pedestres quanto por ve\u00edculos, os quais vem enfrentando inc\u00f4modos e perigo ao transitarem pela mesma, especialmente pelo seu mau estado de conserva\u00e7\u00e3o. Tamb\u00e9m indicou a instala\u00e7\u00e3o de uma tela de prote\u00e7\u00e3o ao redor do muro da Escola Municipal Mercedes Braga, \u201cconsiderando que o mesmo \u00e9 aberto, permitindo a entrada de animais, que muitas vezes causam transtornos e contratempos durante as atividades escolares\u201d, destacou Surek justificando o pedido pela necessidade de garantir mais seguran\u00e7a a todos os alunos, professores e funcion\u00e1rios da institui\u00e7\u00e3o. Por fim o vice-presidente tamb\u00e9m indicou servi\u00e7os de melhorias e recupera\u00e7\u00e3o da Rua Edgar T\u00e1vora, esquina com a Rua Jo\u00e3o Batista. \u201cEsta via h\u00e1 muito tempo n\u00e3o recebe manuten\u00e7\u00e3o adequada, requerendo um cuidado especial por parte da administra\u00e7\u00e3o\u201d, alertou.</p>\r\n<p style=\"text-align: justify; \">\u00a0 \u00a0 Roni tamb\u00e9m apresentou dois requerimentos. Um solicitando informa\u00e7\u00f5es em rela\u00e7\u00e3o ao Programa Municipal de Atra\u00e7\u00e3o de Investimento \u2013 PMAI, \u201csobre qual a atual situa\u00e7\u00e3o/andamento do Programa, contratado em 19 de maio de 2017, com recursos (R$ 30 mil) destinados pelo Legislativo, atrav\u00e9s de conv\u00eanio firmando entre a C\u00e2mara de Vereadores, Ag\u00eancia Paran\u00e1 de Desenvolvimento, ACIAI e Prefeitura\u201d. E outro solicitando informa\u00e7\u00f5es sobre o motivo da paralisa\u00e7\u00e3o do Programa Ecotroca, pedindo que seja enviado \u00e0 casa um relat\u00f3rio das atividades realizadas dentro do programa, nos anos de 2017 e 2018.</p>\r\n<p style=\"text-align: justify; \">\u00a0 \u00a0 Os pedidos foram encaminhados ao Executivo, que dever\u00e1 prestar atendimento as indica\u00e7\u00f5es e repassar \u00e0 casa as informa\u00e7\u00f5es solicitadas.</p>\r\n<p align=\"center\">(Assessoria C\u00e2mara Municipal de Irati)</p>", "author_name": "", "version": "1.0", "author_url": "https://www.irati.pr.leg.br/author/RAFAELLA", "provider_name": "C\u00e2mara Municipal de Irati", "type": "rich"}