{"provider_url": "https://www.irati.pr.leg.br", "title": "Vereadores prestam homenagem a Ronald\u00e3o ", "html": "<p dir=\"ltr\" style=\"text-align: justify; \"><span><br /></span></p>\r\n<p dir=\"ltr\" style=\"text-align: justify; \"><span>\u00a0Na 1\u00aa Sess\u00e3o Ordin\u00e1ria do 2\u00ba Per\u00edodo do 4\u00ba Ano da 27\u00aa Legislatura, realizada na ter\u00e7a-feira (06) na C\u00e2mara Municipal, os vereadores prestaram uma homenagem a Jos\u00e9 Ronaldo Ferreira, conhecido como Ronald\u00e3o do Povo (PSDB), que faleceu no dia 30 de julho. Ronald\u00e3o, de 54 anos, exercia o cargo de Presidente da Mesa Diretora no bi\u00eanio 2023/2024, mas precisou se afastar em novembro de 2023 para tratar um c\u00e2ncer de est\u00f4mago, doen\u00e7a que levou ao seu falecimento.</span></p>\r\n<p dir=\"ltr\" style=\"text-align: justify; \"><span>\u00a0No in\u00edcio da sess\u00e3o, foi respeitado um minuto de sil\u00eancio em sua mem\u00f3ria. Em um gesto simb\u00f3lico, o chap\u00e9u que Ronald\u00e3o costumava usar foi colocado sobre a Mesa Diretora, junto com a placa de identifica\u00e7\u00e3o de Presidente, como forma de afirmar que ele estar\u00e1 sempre presente. Durante a Palavra-Livre, os vereadores fizeram uso da tribuna para expressar seus sentimentos e prestar tributo \u00e0 mem\u00f3ria de Ronald\u00e3o.</span></p>\r\n<p dir=\"ltr\"><strong>ELEI\u00c7\u00c3O PARA VICE-PRESIDENTE</strong></p>\r\n<p dir=\"ltr\"><span><span class=\"Apple-tab-span\"></span></span><span>\u00a0Devido ao lament\u00e1vel falecimento de Ronald\u00e3o, foi necess\u00e1ria a realiza\u00e7\u00e3o da elei\u00e7\u00e3o para o cargo de vice-presidente da Mesa Diretora, considerando que o vereador Dr. Jo\u00e3o Henrique Duarte assume definitivamente o cargo de Presidente e deixa vaga a cadeira de vice. A sess\u00e3o foi suspensa por cinco minutos para registro das candidaturas. Apenas um vereador concorreu a vaga: Leomar Jacumasso. Ap\u00f3s colocar a candidatura em vota\u00e7\u00e3o, a mesma foi aprovada por unanimidade de votos e Leomar Jacumasso foi declarado eleito e empossado vice-presidente.</span></p>\r\n<p style=\"text-align: justify; \"><strong><span>EXPEDIENTE\u00a0</span></strong></p>\r\n<p dir=\"ltr\" style=\"text-align: justify; \"><span>\u00a0Na sess\u00e3o foram apresentados tr\u00eas novos Projetos de Lei, um Substitutivo de PL, cinco of\u00edcios e nove indica\u00e7\u00f5es dos vereadores ao Executivo. Na Ordem do Dia, um projeto foi apreciado em 1\u00aa vota\u00e7\u00e3o.</span></p>\r\n<p dir=\"ltr\" style=\"text-align: justify; \"><span>\u00a0No Expediente foi lido o Substitutivo ao Projeto de Lei n\u00ba 013/2024, do Executivo, que disp\u00f5e sobre o processo de escolha dos Diretores das Institui\u00e7\u00f5es de Ensino da Rede Municipal de Irati, revoga as Leis 3992/2015 e 4539/2018, e d\u00e1 outras provid\u00eancias. Tamb\u00e9m foram lidos os Projetos de Lei do Executivo n\u00ba 034/2024, que autoriza o Poder Executivo Municipal a efetuar a abertura de Cr\u00e9dito Adicional Especial, no valor de at\u00e9 R$ 125.055, 28 no Or\u00e7amento do Munic\u00edpio de Irati, para o exerc\u00edcio de 2024; Projeto de Lei n\u00ba 035/2024, que altera o art. 2\u00ba, da Lei n\u00ba 5143/2024, que autoriza o Poder Executivo Municipal a conceder subven\u00e7\u00e3o social \u00e0 Irmandade do Hospital de Caridade de Irati - Santa Casa de Irati no valor de R$ 1.100.000,00, em rela\u00e7\u00e3o \u00e0 funcional program\u00e1tica da dota\u00e7\u00e3o or\u00e7ament\u00e1ria utilizada. E tamb\u00e9m foi lido o Projeto de Lei n\u00ba 028/2024, do Legislativo, que busca denominar ruas do Loteamento Residencial Professor Lico, no Bairro Engenheiro Gutierrez.</span></p>\r\n<p dir=\"ltr\" style=\"text-align: justify; \"><span>\u00a0Quanto aos of\u00edcios recebidos, todos s\u00e3o de autoria do Executivo e foram lidos no Expediente. O primeiro trata-se do Of\u00edcio n\u00ba 059/2024, que solicita que o segundo substitutivo ao Projeto de Lei n\u00ba 013/2024 seja analisado com a dispensa do interst\u00edcio das sess\u00f5es legislativas e, ainda, requer a convoca\u00e7\u00e3o de sess\u00e3o extraordin\u00e1ria para aprecia\u00e7\u00e3o do referido projeto, considerando a urg\u00eancia da aprova\u00e7\u00e3o da mat\u00e9ria. Os demais of\u00edcios lidos foram o de n\u00ba 036/2024, que encaminha resposta da Secretaria Municipal de Educa\u00e7\u00e3o \u00e0s solicita\u00e7\u00f5es da vereadora Teresinha Miranda Veres referente ao procedimento para substitui\u00e7\u00e3o de professores na Rede Municipal de Ensino quanto h\u00e1 vac\u00e2ncia; Of\u00edcio n\u00ba 037/2024, que encaminha resposta da Secretaria Municipal da Mulher, Crian\u00e7a e Idoso \u00e0s solicita\u00e7\u00f5es da vereadora Teresinha Miranda Veres a respeito da previs\u00e3o do in\u00edcio dos atendimentos no \u201cCentro Dia\u201d, localizado no Complexo Social Cidade do Idoso; Of\u00edcio n\u00ba 038/2024, que encaminha resposta da Secretaria Municipal de Arquitetura, Engenharia e Urbanismo \u00e0s solicita\u00e7\u00f5es do vereador Alcides Cezar Pinto sobre a execu\u00e7\u00e3o de cal\u00e7adas na Rua Vicente Machado; e por \u00faltimo, o Of\u00edcio n\u00ba 039/2024, que tamb\u00e9m encaminha resposta da Secretaria Municipal de Arquitetura, Engenharia e Urbanismo \u00e0s indaga\u00e7\u00f5es do vereador Alcides Cezar Pinto referente a coloca\u00e7\u00e3o, remo\u00e7\u00e3o e manuten\u00e7\u00f5es de pontos de \u00f4nibus no munic\u00edpio de Irati, tanto na \u00e1rea urbana quanto rural.\u00a0</span></p>\r\n<p dir=\"ltr\" style=\"text-align: justify; \"><strong>ORDEM DO DIA</strong></p>\r\n<p dir=\"ltr\" style=\"text-align: justify; \"><span>\u00a0Na ordem do dia, foi aprovado em 1\u00aa vota\u00e7\u00e3o o Projeto de Lei n\u00ba 027/2024, do Legislativo, que busca denominar a Rua \u201c5\u201d do Loteamento Lagoa Dourada, de Rua Ad\u00e3o Alves de Andrade.\u00a0</span></p>\r\n<p dir=\"ltr\" style=\"text-align: justify; \"><strong>PALAVRA-LIVRE</strong></p>\r\n<p dir=\"ltr\" style=\"text-align: justify; \"><span><span class=\"Apple-tab-span\"></span></span><span>\u00a0Dois parlamentares fizeram uso da Palavra-Livre na sess\u00e3o. Ambos prestaram homenagem a Jos\u00e9 Ronaldo Ferreira (</span><span>in memorian)</span><span>. Ronaldo lutava contra o c\u00e2ncer desde 2016. Havia feito diversos tratamentos e cirurgias, ap\u00f3s uma melhora houve uma recidiva tumoral, ou seja, o ressurgimento da doen\u00e7a que, infelizmente, tirou a vida do vereador.\u00a0</span></p>\r\n<p dir=\"ltr\" style=\"text-align: justify; \"><span><span class=\"Apple-tab-span\"></span></span><span>\u00a0Durante as homenagens, os colegas vereadores relembraram momentos felizes da conviv\u00eancia com Ronaldo e de sua participa\u00e7\u00e3o ativa na pol\u00edtica iratiense. Na ocasi\u00e3o, Joana Rech Ferreira e Marilia Ferreira, a esposa e a filha do homenageado, estavam presentes. Ao final da Palavra-Livre, Ronald\u00e3o foi aplaudido por todos que participaram da sess\u00e3o.\u00a0</span></p>\r\n<p dir=\"ltr\" style=\"text-align: justify; \"><strong>TRIBUNA POPULAR</strong></p>\r\n<p dir=\"ltr\" style=\"text-align: justify; \"><span><span class=\"Apple-tab-span\"></span></span><span>\u00a0Atendendo ao convite do Legislativo, Jacieli Domingues Pereira e Michelle Angela Adamski de Paula, respons\u00e1veis t\u00e9cnicas da Secretaria de Educa\u00e7\u00e3o, fizeram uso da Tribuna Popular para falar sobre o Projeto de Lei n\u00ba 013/2024, que disp\u00f5e sobre o processo de escolha dos diretores das institui\u00e7\u00f5es de ensino da rede p\u00fablica municipal. Os vereadores apresentaram questionamentos que foram por elas respondidos.\u00a0</span></p>\r\n<p dir=\"ltr\" style=\"text-align: justify; \"><span>\u00a0A Sess\u00e3o Ordin\u00e1ria na \u00edntegra pode ser acompanhada atrav\u00e9s do \u00edcone \u201cSess\u00f5es Gravadas\u201d.\u00a0</span></p>\r\n<p style=\"text-align: justify; \"><span><span><br /></span></span></p>\r\n<p dir=\"ltr\" style=\"text-align: center; \"><em>(Assessoria C\u00e2mara Municipal de Irati)</em></p>", "author_name": "Ana Moraes", "version": "1.0", "author_url": "https://www.irati.pr.leg.br/author/Ana Moraes", "provider_name": "C\u00e2mara Municipal de Irati", "type": "rich"}