{"provider_url": "https://www.irati.pr.leg.br", "title": "Vereadores e Mirins participam do Desfile C\u00edvico ", "html": "<p style=\"text-align: justify; \">\u00a0 \u00a0Em uma demonstra\u00e7\u00e3o de civismo, a popula\u00e7\u00e3o foi para a rua prestigiar o desfile c\u00edvico em homenagem ao dia da Independ\u00eancia do Brasil, comemorado no s\u00e1bado (7 de setembro). A C\u00e2mara foi representada pelos parlamentares da casa e pelos Vereadores Mirins que desfilaram no primeiro pelot\u00e3o. Esta \u00e9 a segunda vez que os Mirins participaram deste importante ato que representa patriotismo, civismo e cidadania.</p>\r\n<p style=\"text-align: justify; \">\u00a0 \u00a0Antes do in\u00edcio das apresenta\u00e7\u00f5es na Rua Conselheiro Zacarias, o Presidente da C\u00e2mara, Nei Cabral participou junto com os demais vereadores e autoridades do hasteamento do Pavilh\u00e3o Nacional na Pra\u00e7a da Bandeira.</p>\r\n<p style=\"text-align: justify; \">\u00a0 \u00a0Para o Presidente Nei, apesar dos tempos dif\u00edceis pelo qual o pa\u00eds vem passando, o Dia da Independ\u00eancia simboliza um sentimento de esperan\u00e7a por dias melhores. \u201cAs comemora\u00e7\u00f5es deste Dia, representam o resgate do sentimento de patriotismo. Uma data que nos faz refletir sobre o sentido do contexto hist\u00f3rico da Independ\u00eancia, onde as escolas trabalham com as crian\u00e7as conceitos de cidadania e \u00e9tica, atrelados a valores relacionados ao respeito, solidariedade e justi\u00e7a\u201d, comentou Nei parabenizando a administra\u00e7\u00e3o, em especial \u00e0 Secretaria de Educa\u00e7\u00e3o pela dedica\u00e7\u00e3o e organiza\u00e7\u00e3o do Desfile, que mais uma vez foi um show de civismo.</p>\r\n<p style=\"text-align: justify; \">\u00a0 \u00a0O patriotismo, a alegria e o orgulho de serem vereadores tamb\u00e9m era vis\u00edvel no rosto dos Mirins. A vereadora e vice-presidente da C\u00e2mara Mirim, Ana Clara Prestes da Escola Antonina Fillus Panka comentou que ficou emocionada durante o hasteamento da Bandeira Nacional, quando o hino foi tocado por uma banda de Ponta Grossa. \u201cO in\u00edcio foi emocionante. Desfilar com os meus colegas Vereadores da C\u00e2mara Mirim tamb\u00e9m foi um momento especial, fomos muito aplaudidos. Pela escola, desfilamos valorizando a cultura ind\u00edgena, foi demais\u201d, elogiou Ana Clara parabenizando todas as escolas pelos temas escolhidos.</p>\r\n<p style=\"text-align: justify; \">\u00a0 \u00a0O vereador e 2\u00ba Secret\u00e1rio da C\u00e2mara Mirim, Cleison Gabriel Ribeiro tamb\u00e9m enalteceu a import\u00e2ncia do desfile c\u00edvico. \u201cEsse ano fiquei emocionado, pois desfilei como vereador mirim da minha cidade e como representante da minha escola. O desfile foi um espet\u00e1culo, principalmente pelas diversas bandas que vieram de outras cidades abrilhantar as apresenta\u00e7\u00f5es. Tamb\u00e9m foi muito bonito ver os Militares desfilando. As escolas deram um show, cada uma contando um pouquinho da cultura e da hist\u00f3ria do povo iratiense. Minha escola esteve representando o Cipriano e o Pac\u00edfico, a chegada da estrada de ferro e o trem, s\u00edmbolo do educand\u00e1rio Tancredo Martins\u201d, contou.</p>\r\n<p style=\"text-align: justify; \">\u00a0 \u00a0 O Legislativo, atrav\u00e9s dos Vereadores e dos Mirins, agradece e parabeniza todos os envolvidos na organiza\u00e7\u00e3o do Desfile C\u00edvico 2019, que levou \u00e0 rua o resgate da tradi\u00e7\u00e3o, celebrando a harmonia entre as diferentes culturas, despertando o patriotismo do p\u00fablico.</p>\r\n<p align=\"center\"><i>\u00a0(Assessoria C\u00e2mara Municipal de Irati)</i></p>\r\n<p>\u00a0</p>", "author_name": "", "version": "1.0", "author_url": "https://www.irati.pr.leg.br/author/RAFAELLA", "provider_name": "C\u00e2mara Municipal de Irati", "type": "rich"}