{"provider_url": "https://www.irati.pr.leg.br", "title": "Vereadores aprovam LDO 2023", "html": "<p style=\"text-align: justify; \">\u00a0 \u00a0Foi realizada na noite do dia 12 de julho, a 23\u00aa Sess\u00e3o Ordin\u00e1ria do 1\u00ba Per\u00edodo do 2\u00ba Ano da 27\u00aa Legislatura. Durante o Expediente, of\u00edcios de respostas do Executivo, sete indica\u00e7\u00f5es e um requerimento dos vereadores foram lidos. Na Ordem do Dia, dois projetos foram aprovados e na palavra-livre, os parlamentares parabenizaram Irati pelo anivers\u00e1rio de 115 anos.</p>\r\n<p style=\"text-align: justify; \">\u00a0 \u00a0No Expediente, o 1\u00ba Secret\u00e1rio Jos\u00e9 Ronaldo Ferreira apresentou indica\u00e7\u00e3o solicitando o envio de of\u00edcio ao Departamento Nacional de Infraestrutura de Transportes \u2013 DNIT, reiterando a reivindica\u00e7\u00e3o de que sejam realizadas adequa\u00e7\u00f5es e melhorias na BR 153, especialmente no trecho que compreende o trevo do Riozinho at\u00e9 o viaduto da BR 277, sobretudo na \u00e1rea da Vila S\u00e3o Jo\u00e3o. \u201cO pedido se justifica pela import\u00e2ncia da rodovia, que diariamente apresenta um alto fluxo de ve\u00edculos, ciclistas e pedestres\u201d, enfatizou.</p>\r\n<p style=\"text-align: justify; \">\u00a0 \u00a0Jorge Luiz Zen solicitou ao Executivo constru\u00e7\u00e3o de ponto de \u00f4nibus na estrada rural que liga Irati a localidade do Assungui, pr\u00f3ximo \u00e0 divisa com Fernandes Pinheiro, nas proximidades da propriedade que pertencia ao Senhor Jo\u00e3o, ponto final do limite do munic\u00edpio. \u201cA referida melhoria se faz necess\u00e1ria diante de pedidos de pais de alunos que utilizam o transporte escolar, objetivando evitar que os mesmos fiquem expostos \u00e0s intemp\u00e9ries clim\u00e1ticas\u201d, justificou o parlamentar.</p>\r\n<p style=\"text-align: justify; \">\u00a0 \u00a0O 2\u00ba Secret\u00e1rio Leomar Jacumasso sugeriu a constru\u00e7\u00e3o de um ponto de \u00f4nibus com cobertura na Rua Ant\u00f4nio Budel, ao lado do Col\u00e9gio S\u00e3o Pedro Can\u00edsio, no bairro Canisianas. \u201cO pedido \u00e9 uma solicita\u00e7\u00e3o dos pais dos estudantes que utilizam o transporte escolar e visa oferecer prote\u00e7\u00e3o contra a a\u00e7\u00e3o do tempo e proporcionar maior comodidade a quem aguarda a passagem do \u00f4nibus\u201d, justificou.</p>\r\n<p style=\"text-align: justify; \">\u00a0 \u00a0A vereadora Vera Maria Gabardo indicou a continuidade da pavimenta\u00e7\u00e3o da Rua Manoel da Cruz do Nascimento, sentido Par\u00f3quia S\u00e3o Jo\u00e3o Batista. A via citada, de acordo com Vera, possui um consider\u00e1vel fluxo de ve\u00edculos, sendo utilizada como acesso ao cemit\u00e9rio e \u00e0 unidade de sa\u00fade. \u201cA melhoria tamb\u00e9m \u00e9 uma solicita\u00e7\u00e3o da fam\u00edlia Alessi, visto que o Sr. Moacir Alessi h\u00e1 28 anos \u00e9 cadeirante e, devido \u00e0 precariedade da via, o mesmo tem encontrado muita dificuldade de locomo\u00e7\u00e3o\u201d, alertou. A vereadora tamb\u00e9m sugeriu servi\u00e7o de patrolamento na estrada da Campina do Guamirim, em um trecho de aproximadamente 100 metros, onde residem quatro fam\u00edlias que necessitam do atendimento. \u201cO pedido \u00e9 uma solicita\u00e7\u00e3o do Sr. Pedro Pereira de Souza, propriet\u00e1rio da Loja Art Mix em Irati\u201d, afirmou.</p>\r\n<p style=\"text-align: justify; \">\u00a0 \u00a0Alcides Cezar Pinto solicita ao Executivo a realiza\u00e7\u00e3o de consertos na ilumina\u00e7\u00e3o da pista de skate do Parque Aqu\u00e1tico. \u201cA ilumina\u00e7\u00e3o permite melhor pr\u00e1tica noturna do skate, garantindo maior flexibilidade para a utiliza\u00e7\u00e3o da pista e aumenta a sensa\u00e7\u00e3o de seguran\u00e7a das pessoas que frequentam o local\u201d, justificou.</p>\r\n<p style=\"text-align: justify; \">\u00a0 \u00a0O Presidente Helio de Mello apresentou indica\u00e7\u00e3o solicitando melhorias e recupera\u00e7\u00e3o da estrada que liga a comunidade de Faxinal do Rio do Couro ao Cerro da Ponte Alta, conhecida como \u201cPiasto\u201d. \u201cAtualmente a estrada n\u00e3o apresenta condi\u00e7\u00f5es de passagem e os usu\u00e1rios necessitam se deslocar por uma via alternativa, aumentando em seis quil\u00f4metros o deslocamento, causando preju\u00edzos e transtornos a quem transita pelo local\u201d, alertou. Helio tamb\u00e9m apresentou um pedido de informa\u00e7\u00f5es em rela\u00e7\u00e3o aos dias, hor\u00e1rios e locais que est\u00e3o sendo realizados atendimentos por m\u00e9dicos pediatras nas Unidades de Sa\u00fade municipais? Solicitou que seja enviado relat\u00f3rio dos \u00faltimos tr\u00eas meses dos atendimentos realizados pelos profissionais desta especialidade.</p>\r\n<p style=\"text-align: justify; \">\u00a0 \u00a0Na Ordem do Dia, foram aprovados em segunda vota\u00e7\u00e3o o projeto de lei do Executivo n\u00ba 029/2022, que disp\u00f5e sobre as Diretrizes para a Elabora\u00e7\u00e3o da Lei Or\u00e7ament\u00e1ria para o Exerc\u00edcio 2023 e d\u00e1 outras provid\u00eancias e o projeto do Legislativo n\u00ba 017/2022 (Jorge Luiz Zen), que denomina a Rua Sem Denomina\u00e7\u00e3o, do Loteamento S\u00e3o Miguel, no bairro Lagoa, de Rua Jacirema da Luz Oliveira.</p>\r\n<p style=\"text-align: justify; \"><b>PALAVRA-LIVRE</b></p>\r\n<p style=\"text-align: justify; \"><b>\u00a0 \u00a0 </b>Jos\u00e9 Ronaldo Ferreira relembrou os \u00faltimos cinco anos da sua vida e da sua recupera\u00e7\u00e3o de sa\u00fade. \u201cHoje \u00e9 meu anivers\u00e1rio, sou nascido em Campina Bonita do munic\u00edpio de In\u00e1cio Martins, mas vim para Irati h\u00e1 48 anos onde passamos por dificuldades, mas, hoje, com a gra\u00e7as a Deus estamos firmes e fortes\u201d, afirmou. Ronaldo tamb\u00e9m prestou contas do seu projeto de partilha. \u201cNo m\u00eas de julho destinei R$ 1.160,50 para um cidad\u00e3o da localidade de Rio Preto, por meio da Par\u00f3quia S\u00e3o Miguel, visando auxiliar o mesmo devido ao acidente que sofreu. A outra parte R$ 1.160,50 destinei a uma fam\u00edlia do bairro Vila S\u00e3o Jo\u00e3o, que teve a casa toda queimada em um inc\u00eandio no m\u00eas de maio\u201d, afirmou.</p>\r\n<p style=\"text-align: justify; \">\u00a0 \u00a0Teresinha Miranda Veres parabenizou Irati pelo anivers\u00e1rio. \u201cQuerida Irati, que \u00e9 cen\u00e1rio para hist\u00f3rias de vida e tem em sua raiz a marca das m\u00e3os da nossa gente que com muito suor ajudou a contribuir para quem somos hoje. Tenho imensa satisfa\u00e7\u00e3o de ter nascido aqui e quero retribuir com dedica\u00e7\u00e3o, comprometimento e trabalho. Desde o in\u00edcio Irati sempre foi enraizada por uma rica cultura e tradi\u00e7\u00e3o que se preservam at\u00e9 os dias de hoje. Pessoas, fam\u00edlias e gera\u00e7\u00f5es que deram origem a um povo trabalhador e de alegria contagiante. Com o cora\u00e7\u00e3o alegre parabenizo nossa cidade por seus 115 anos de lutas e muitas conquistas. Parab\u00e9ns Irati\u201d.</p>\r\n<p style=\"text-align: justify; \">\u00a0 \u00a0Nei Cabral discorreu sobre a \u00faltima sess\u00e3o do primeiro semestre da 27\u00aa Legislatura de 2022. \u201cHoje completamos a aprova\u00e7\u00e3o de 24 projetos do Executivo em seis meses, analisamos 148 indica\u00e7\u00f5es dos parlamentares, um trabalho extraordin\u00e1rio de uma c\u00e2mara enxuta. Parabenizo a Mesa Diretora pela condu\u00e7\u00e3o dos trabalhos nestes seis meses, pauta limpa, todos os projetos que deram entrada foram analisados pelas comiss\u00f5es e pelos vereadores e foram votados. Recesso, quer dizer que n\u00e3o tem sess\u00e3o na c\u00e2mara, mas o trabalho continua, estaremos nos bairros e no interior junto da popula\u00e7\u00e3o\u201d, destacou Nei comentou tamb\u00e9m sobre os 115 anos de Irati. \u201cFicamos felizes por fazer parte desta hist\u00f3ria, tantas obras acontecendo em Irati e n\u00f3s temos a nossa contribui\u00e7\u00e3o\u201d. Para concluir, Nei cumprimentou o prefeito pela nova secret\u00e1ria de comunica\u00e7\u00e3o, Kelly Ramos, \u201cuma pessoa competente com conhecimento\u201d.</p>\r\n<p style=\"text-align: justify; \">\u00a0 \u00a0 O Presidente Helio de Mello convidou a todos para fazer um minuto de sil\u00eancio pelo passamento da primeira mulher que ocupou um assento no legislativo como vereadora, Dona Avany Caggiano Santos. \u201cPessoa querida, educadora, incentivadora sempre preocupada com as escolas e alunos do interior. Incentivou as pessoas que moravam no interior, dava poso e comida. Minha m\u00e3e foi professora durante 23 anos da sua vida, ganhava 60% do sal\u00e1rio m\u00ednimo, porque n\u00e3o tinha o magist\u00e9rio. L\u00e1 em casa dos nove filhos, sete s\u00e3o professores, Dona Avany foi espelho para muitas pessoas\u201d. O Presidente tamb\u00e9m convidou a popula\u00e7\u00e3o para participar das festividades alusivas as comemora\u00e7\u00f5es do anivers\u00e1rio de Irati. \u201cO rodeio \u00e9 a maior festa do munic\u00edpio, \u00e9 uma festa para todos, os hot\u00e9is estar\u00e3o lotados. As comemora\u00e7\u00f5es est\u00e3o a todo vapor, al\u00e9m de inaugura\u00e7\u00f5es e demais eventos, essa semana tamb\u00e9m entregamos T\u00edtulos ao Seu Air Cavalim e a Dona Joana Stroparo Duda, pessoas que ajudaram a construir a hist\u00f3ria de Irati\u201d, relatou o Presidente parabenizado Irati pelo anivers\u00e1rio.</p>\r\n<p style=\"text-align: justify; \">\u00a0 \u00a0 Antes de encerrar a sess\u00e3o, Helio comunicou que a C\u00e2mara no dia 18 de julho estar\u00e1 entrando em recesso parlamentar e que a pr\u00f3xima Sess\u00e3o Ordin\u00e1ria ser\u00e1 realizada no dia 2 de agosto, no hor\u00e1rio regimental.</p>\r\n<p align=\"center\"><i>\u00a0(Assessoria C\u00e2mara Municipal de Irati)</i></p>\r\n<p>\u00a0</p>", "author_name": "", "version": "1.0", "author_url": "https://www.irati.pr.leg.br/author/RAFAELLA", "provider_name": "C\u00e2mara Municipal de Irati", "type": "rich"}