{"provider_url": "https://www.irati.pr.leg.br", "title": "Vereador Jos\u00e9 Renato Kffuri retorna \u00e0 C\u00e2mara", "html": "<p style=\"text-align: justify; \">\u00a0 \u00a0Na Sess\u00e3o Ordin\u00e1ria do dia 22 de novembro o vereador Jos\u00e9 Renato Kffuri, que estava afastado das atividades legislativas para exercer o cargo de Secret\u00e1rio Municipal de Sa\u00fade, retornou \u00e0 C\u00e2mara no lugar do 1\u00ba Suplente Jorge Luiz Zen, que permaneceu na Casa por seis meses. Os vereadores deram boas-vindas ao parlamentar.</p>\r\n<p style=\"text-align: justify; \">\u00a0 \u00a0Na palavra-livre, Jose Renato disse que \u00e9 um prazer estar nesta Casa de Leis novamente. \u201cAgrade\u00e7o imensamente ao prefeito Jorge Derbli pela confian\u00e7a e oportunidade de estar \u00e0 frente de uma das pastas mais importantes do munic\u00edpio, a Sa\u00fade. Foi um per\u00edodo de muito aprendizado e experi\u00eancia, que agregou ainda mais a minha trajet\u00f3ria de 37 anos nesta importante \u00e1rea. Como servidor p\u00fablico estadual desempenhei atividades na 4\u00aa Regional, no Cons\u00f3rcio Intermunicipal e na Secretaria de Sa\u00fade no setor de consultas especializadas e agora, posso dizer que fui tamb\u00e9m Secret\u00e1rio Municipal de Sa\u00fade, acompanhando o atendimento b\u00e1sico, consultas, exames m\u00e9dicos, interna\u00e7\u00f5es, a\u00e7\u00f5es preventivas, e satisfatoriamente, de participar da idealiza\u00e7\u00e3o da Campanha Outubro Rosa de conscientiza\u00e7\u00e3o sobre a import\u00e2ncia da preven\u00e7\u00e3o e diagn\u00f3stico precoce do c\u00e2ncer de mama e do colo do \u00fatero, que proporcionou maior acesso ao diagn\u00f3stico e tratamento \u00e0s mulheres\u201d, destacou.</p>\r\n<p style=\"text-align: justify; \">\u00a0 \u00a0Kfuuri agradeceu tamb\u00e9m aos servidores da sa\u00fade pelo carinho e apoio recebido, os quais, segundo ele, conduzem o trabalho com muita responsabilidade, profissionalismo e dedica\u00e7\u00e3o. \u201cMe desliguei da pasta por motivos pessoais com o cora\u00e7\u00e3o preenchido de gratid\u00e3o. Retorno agora a esta Casa de Leis para continuar o meu trabalho como leg\u00edtimo representante do povo, honrando os votos que recebi para estar \u00e0 frente deste Legislativo, atendendo e defendendo os interesses da nossa gente\u201d, concluiu.</p>\r\n<p align=\"center\"><i>(Assessoria C\u00e2mara Municipal de Irati)</i></p>\r\n<p>\u00a0</p>\r\n<p>\u00a0</p>", "author_name": "", "version": "1.0", "author_url": "https://www.irati.pr.leg.br/author/RAFAELLA", "provider_name": "C\u00e2mara Municipal de Irati", "type": "rich"}