{"provider_url": "https://www.irati.pr.leg.br", "title": "Tr\u00eas Projetos de Lei s\u00e3o aprovados", "html": "<p style=\"text-align: justify; \">\u00a0 \u00a0Na 6\u00aa Sess\u00e3o Ordin\u00e1ria do 2\u00ba Per\u00edodo do 4\u00ba Ano da 27\u00aa Legislatura, realizada no dia 10 de setembro, foi apresentado no Expediente um novo projeto de lei do Legislativo e 10 indica\u00e7\u00f5es dos vereadores. Na Ordem do Dia, tr\u00eas projetos foram aprovados por unanimidade de votos. A Sess\u00e3o foi novamente acompanhada por moradores da Rua Padre Pires, na Colina Nossa Senhora das Gra\u00e7as, que acompanharam a 1\u00aa Vota\u00e7\u00e3o do Projeto de Lei n\u00ba 037/2024 do Executivo.</p>\r\n<p style=\"text-align: justify; \">\u00a0 \u00a0 Durante o Expediente, al\u00e9m das 10 indica\u00e7\u00f5es apresentadas tamb\u00e9m foi lido o Projeto de Lei n\u00ba 033/2024 (Dr. Jo\u00e3o Henrique Duarte), que denomina a Rua \u201cSem Denomina\u00e7\u00e3o\u201d no bairro Colina Nossa Senhora das Gra\u00e7as, de Rua Darci Portela. A referida mat\u00e9ria lida, foi encaminhada \u00e0s Comiss\u00f5es Competentes da Casa, que dever\u00e3o emitir os pareceres. O projeto deve entrar para vota\u00e7\u00e3o na Sess\u00e3o Ordin\u00e1ria do dia 17 de setembro.</p>\r\n<p style=\"text-align: justify; \"><b>ORDEM DO DIA</b></p>\r\n<p style=\"text-align: justify; \">\u00a0 \u00a0 Em segunda vota\u00e7\u00e3o foi aprovado por unanimidade de votos o Projeto de Lei n\u00ba 036/2024, que autoriza o Executivo a abrir Cr\u00e9dito Adicional Especial, no valor de at\u00e9 R$ 100.000,00 no Or\u00e7amento do Caixa de Aposentadoria e Pens\u00e3o dos Servidores Municipais de Irati-CAPSIRATI, para o exerc\u00edcio de 2024.</p>\r\n<p style=\"text-align: justify; \">\u00a0 \u00a0J\u00e1 em primeira vota\u00e7\u00e3o foi aprovado o Projeto de Lei n\u00ba 037/2024 do Executivo que autoriza abertura de credito adicional especial no or\u00e7amento do munic\u00edpio de Irati para o exerc\u00edcio de 2024, no valor de at\u00e9 R$ 1.000.000,00 e o Projeto de Lei 032/2024<b> </b>(Helio de Mello), que denomina a capela mortu\u00e1ria do bairro Vila S\u00e3o Jo\u00e3o de \u201cCapela Mortu\u00e1ria Vereador Jos\u00e9 Ronaldo Ferreira\u201d.</p>\r\n<p align=\"center\"><i>Acompanhe a Sess\u00e3o Ordin\u00e1ria n</i><i>o \u00edcone \u201cSess\u00f5es Gravadas\u201d.</i><i>\u00a0</i></p>\r\n<p align=\"center\">(Assessoria C\u00e2mara Municipal de Irati)</p>\r\n<p>\u00a0</p>", "author_name": "", "version": "1.0", "author_url": "https://www.irati.pr.leg.br/author/RAFAELLA", "provider_name": "C\u00e2mara Municipal de Irati", "type": "rich"}