{"provider_url": "https://www.irati.pr.leg.br", "title": "Projeto de Emenda \u00e0 Lei Org\u00e2nica \u00e9 aprovado", "html": "<p style=\"text-align: justify; \">\u00a0 \u00a0Nesta quinta-feira (22 de dezembro), a C\u00e2mara realizou a 2\u00aa Sess\u00e3o Extraordin\u00e1ria deste per\u00edodo para analisar, em segunda vota\u00e7\u00e3o, o Projeto de Emenda \u00e0 Lei Org\u00e2nica n\u00ba 001/2022 (Substitutivo), que altera os artigos 106, 107 e 108, do Cap\u00edtulo IV, do T\u00edtulo III, da Lei Org\u00e2nica Municipal, para estabelecer regras m\u00ednimas para concess\u00e3o de aposentadoria, em conformidade com a Emenda Constitucional n\u00b0 103 de 2019. O projeto foi aprovado por unanimidade de votos.</p>\r\n<p style=\"text-align: justify; \">\u00a0 \u00a0A referida mat\u00e9ria foi aprovada em primeira vota\u00e7\u00e3o na Sess\u00e3o Ordin\u00e1ria do dia 12 de dezembro e agora com a aprova\u00e7\u00e3o, em segunda vota\u00e7\u00e3o, segue para san\u00e7\u00e3o. O Presidente Helio de Mello desejou a todos um Feliz e Aben\u00e7oado Natal e que 2023 seja um ano de muita paz e prosperidade.</p>\r\n<p style=\"text-align: justify; \">\u00a0 \u00a0A partir de hoje (22), os vereadores entram em recesso parlamentar e as atividades retornam no dia 7 de fevereiro, quando ser\u00e1 realizada a primeira Sess\u00e3o Ordin\u00e1ria de 2023.</p>\r\n<p align=\"center\">(Assessoria C\u00e2mara Municipal de Irati)</p>", "author_name": "", "version": "1.0", "author_url": "https://www.irati.pr.leg.br/author/RAFAELLA", "provider_name": "C\u00e2mara Municipal de Irati", "type": "rich"}