{"provider_url": "https://www.irati.pr.leg.br", "title": "NOTA OFICIAL", "html": "<p style=\"text-align: justify; \">\u00a0 \u00a0Na noite da \u00faltima ter\u00e7a-feira, (09) circulou um v\u00eddeo no qual foi afirmado, de maneira inver\u00eddica e distorcida que, ap\u00f3s a Sess\u00e3o da C\u00e2mara de Vereadores, teria sido questionada a presen\u00e7a e o direito de manifesta\u00e7\u00e3o das professoras e propriet\u00e1rias de Escolas de Educa\u00e7\u00e3o Infantil particulares, que se fizeram presentes para expor suas preocupa\u00e7\u00f5es em rela\u00e7\u00e3o a pontos de determinada lei municipal, recentemente aprovada.<br />\u00a0 \u00a0 \u00a0Garantimos que essa informa\u00e7\u00e3o \u00e9 falsa, distorcida e fora do contexto do que estava sendo tratado. <br />A C\u00e2mara \u00e9 por excel\u00eancia, local de livre acesso e manifesta\u00e7\u00e3o p\u00fablica. <br />Em in\u00fameras oportunidades j\u00e1 recebemos, durante as Sess\u00f5es, cidad\u00e3os apresentando manifesta\u00e7\u00f5es das mais diversas formas e nunca houve qualquer questionamento sobre a legitimidade ou tentativa de impedir as manifesta\u00e7\u00f5es.<br />\u00a0 \u00a0Em respeito \u00e0 verdade, reiteramos que nenhum(a) Vereador(a) ou servidor(a) desta Casa, se posicionou contra a manifesta\u00e7\u00e3o das professoras e representantes das escolas. O v\u00eddeo divulgado pelo cidad\u00e3o Rafael Broday n\u00e3o reflete a realidade.<br />\u00a0 \u00a0 Reafirmamos o nosso compromisso com a transpar\u00eancia, o di\u00e1logo democr\u00e1tico e a liberdade de express\u00e3o, pilares fundamentais da vida p\u00fablica. Seguiremos sempre de portas abertas para receber as demandas da comunidade, com respeito e responsabilidade.</p>", "author_name": "", "version": "1.0", "author_url": "https://www.irati.pr.leg.br/author/RAFAELLA", "provider_name": "C\u00e2mara Municipal de Irati", "type": "rich"}