{"provider_url": "https://www.irati.pr.leg.br", "title": "Nei Cabral \u00e9 indicado l\u00edder do governo na C\u00e2mara", "html": "<p style=\"text-align: justify; \">\u00a0 \u00a0Durante o Expediente da Sess\u00e3o Ordin\u00e1ria de ontem (6 de julho), foi lido o of\u00edcio n\u00ba 045/2021 do Executivo Municipal indicando o Vereador Nei Cabral (PV) para assumir os trabalhos de lideran\u00e7a do Governo Municipal na Casa de Leis.</p>\r\n<p style=\"text-align: justify; \">\u00a0 \u00a0Nei que j\u00e1 foi l\u00edder do governo no mandato passado (bi\u00eanio 2017-2018), agradeceu ao prefeito Jorge Derbli e a sua equipe pela confian\u00e7a. O vereador colocou o seu nome \u00e0 disposi\u00e7\u00e3o dos colegas de Casa para que possam juntos criar um importante elo com o secretariado. \u201cSerei um porta-voz do Executivo na C\u00e2mara, mas tamb\u00e9m um forte representante do Legislativo no encaminhamento de demandas em nome da popula\u00e7\u00e3o \u00e0 Prefeitura\u201d, afirmou.\u00a0\u00a0</p>\r\n<p align=\"center\"><i>(Assessoria C\u00e2mara Municipal de Irati)</i></p>\r\n<p>\u00a0</p>", "author_name": "", "version": "1.0", "author_url": "https://www.irati.pr.leg.br/author/RAFAELLA", "provider_name": "C\u00e2mara Municipal de Irati", "type": "rich"}