{"provider_url": "https://www.irati.pr.leg.br", "title": "Legislativo parabeniza fam\u00edlia Gomes", "html": "<p style=\"text-align: justify; \">\u00a0 \u00a0 Na manh\u00e3 de hoje (16 de agosto), o Presidente Nei Cabral e os vereadores Alberto Schereda, Edson Lu\u00eds Elias e Jos\u00e9 Bodnar participaram da inaugura\u00e7\u00e3o solene do Busto de Edgard Andrade Gomes na Pra\u00e7a, confeccionado pela escultora e artista visual iratiense, Angie Komnitski.</p>\r\n<p style=\"text-align: justify; \">\u00a0 \u00a0 Representando o Legislativo, o Presidente Nei Cabral saudou as autoridades presentes em especial a fam\u00edlia Gomes. \u201cN\u00f3s como legisladores estamos felizes de participar deste importante momento para Irati. Felizes tamb\u00e9m por ter aprovado em abril deste ano o projeto de lei referente a doa\u00e7\u00e3o do Busto pela fam\u00edlia, o qual foi aprovado por unanimidade de votos. A partir deste busto podemos relembrar a nossa hist\u00f3ria\u201d, enfatizou Nei registrando em nome da C\u00e2mara de Vereadores os cumprimentos e a gratid\u00e3o aos envolvidos.</p>\r\n<p style=\"text-align: justify; \"><span>\u00a0 \u00a0Na placa do totem que sustenta a obra consta: \u201cEdgard Andrade Gomes, prefeito de Irati, exerceu t\u00e3o importante cargo com dedica\u00e7\u00e3o, idealismo, patriotismo e integridade, nos per\u00edodos de 1952 - 1955, 1960 - 1963, 1969 - 1972 e 1977 - 1979\".</span></p>\r\n<p align=\"center\"><i>(Assessoria C\u00e2mara Municipal de Irati)</i></p>", "author_name": "", "version": "1.0", "author_url": "https://www.irati.pr.leg.br/author/RAFAELLA", "provider_name": "C\u00e2mara Municipal de Irati", "type": "rich"}