{"provider_url": "https://www.irati.pr.leg.br", "title": "Legislativo homenageia Canal Foco Esportivo", "html": "<p style=\"text-align: justify; \">\u00a0 \u00a0 Na noite de ontem (24 de outubro), a C\u00e2mara entregou Mo\u00e7\u00e3o de Aplausos ao Canal Foco Esportivo que completa 10 anos de hist\u00f3ria com cerca de duas mil fotos e v\u00eddeos publicados, ultrapassando 900 mil acessos por m\u00eas nas redes sociais. De autoria dos Vereadores Alcides Cezar Pinto, Jos\u00e9 Ronaldo Ferreira, Leomar Jacumasso e Vera Maria Gabardo, a Mo\u00e7\u00e3o foi aprovada por unanimidade de votos por todos os parlamentares e a entrega foi acompanhada pelo Secret\u00e1rio de Esportes, Andr\u00e9 Demczuk, e membros do Canal.</p>\r\n<p style=\"text-align: justify; \">\u00a0 \u00a0 \u00a0A C\u00e2mara Municipal, conforme o Presidente Jos\u00e9 Ronaldo Ferreira, confere Mo\u00e7\u00e3o de Aplausos ao Canal Foco Esportivo em reconhecimento ao empenho e profissionalismo das pessoas que o integram e ao servi\u00e7o prestado que incentiva a pr\u00e1tica de atividades esportivas. \u201cS\u00e3o 10 anos de hist\u00f3ria, em torno de duas mil fotos e v\u00eddeos publicados desde o in\u00edcio e o material \u00e9 disponibilizado gratuitamente no facebook, instagram e youtube, com uma visualiza\u00e7\u00e3o que j\u00e1 chegou a ultrapassar 900 mil acessos/m\u00eas\", parabenizou.</p>\r\n<p style=\"text-align: justify; \">\u00a0 \u00a0 Representando os autores da homenagem, Alcides Cezar Pinto contou que os primeiros registros do Canal aconteceram em 2013 com algumas coberturas fotogr\u00e1ficas da Escolinha de Futebol do ISC, Assifusa e Iraty Sport Club. \u201cNo dia 25 de abril de 2017 com apoio de amigos, a equipe idealizou uma p\u00e1gina no facebook, chamada Osmair Turko - Fotografia por Esporte. A partir deste momento, as coberturas esportivas foram se intensificando e se diversificando entre Futebol, Futsal, Handebol, V\u00f4lei, Basquete, Corrida, etc. No dia 03 de mar\u00e7o de 2019, a p\u00e1gina ganhou um novo nome Foco Esportivo - Osmair Turko. Em 2020, Alexandre Turko iniciou com fotografias contribuindo com a p\u00e1gina nas coberturas. Neste mesmo ano, a pandemia interrompeu os trabalhos. Sem poder fotografar, a equipe precisou se reinventar, e com o material que j\u00e1 tinham foram repostando os momentos durante o per\u00edodo pand\u00eamico com o chamado - \u2018Ba\u00fa Fotogr\u00e1fico\u2019, relembrando eventos esportivos. Em 2022, ap\u00f3s o retorno das atividades, a p\u00e1gina passou a se chamar Foco Esportivo. Em 2023, Andressa Turko tamb\u00e9m passou a integrar a equipe na parte administrativa, capturando e editando de v\u00eddeos. Vendo a necessidade de amplia\u00e7\u00e3o dos trabalhos e por solicita\u00e7\u00e3o dos apoiadores, em 2023 tamb\u00e9m ocorreu a abertura de uma empresa MEI de Fotografia. Atualmente, o Canal est\u00e1 com cerca de 170 a 200 postagens/m\u00eas, ou seja, em torno de duas mil fotos e v\u00eddeos, com uma visualiza\u00e7\u00e3o que j\u00e1 chegou a ultrapassar 900 mil acessos/m\u00eas nas redes sociais. Sem d\u00favida este Canal merece mais que aplausos\u201d, enalteceu.</p>\r\n<p style=\"text-align: justify; \">\u00a0 \u00a0 O Secret\u00e1rio de Esportes, Andr\u00e9 Demczuk, cumprimentou a fam\u00edlia Turko que nos finais de semana e feriados est\u00e3o sempre acompanhando os eventos esportivos do munic\u00edpio. \u201c\u00c9 uma honra falar deste Canal, que \u00e9 refer\u00eancia no esporte local, regional e estadual. Temos registrados no Foco Esportivo todos os momentos dos nossos atletas, onde as pessoas podem acessar a qualquer momento. S\u00f3 temos a agradecer por este trabalho magn\u00edfico e dedica\u00e7\u00e3o dos membros da equipe\u201d. \u00a0</p>\r\n<p style=\"text-align: justify; \">\u00a0 Representando o Canal, Alexandre Turko, agradeceu a Mo\u00e7\u00e3o. \u201cAgradecemos a Deus pela oportunidade de trabalharmos me fam\u00edlia junto com amigos desportistas, unindo as nossas duas paix\u00f5es, esporte e fotografia. Agradecemos tamb\u00e9m aos vereadores, a todos que promovem e divulgam o esporte e aos nossos apoiadores por confiarem no nosso trabalho. Esta homenagem nos motiva ainda mais a continuar com o nosso trabalho de registrar, divulgar e valorizar o esporte iratiense\u201d. \u00a0\u00a0</p>\r\n<p style=\"text-align: justify; \">\u00a0 \u00a0Os proponentes da Mo\u00e7\u00e3o entregaram um certificado ao Canal. Antes de encerrar a solenidade, o Presidente solicitou que em p\u00e9, publicamente, os Vereadores externassem a homenagem mediante aplausos em forma de admira\u00e7\u00e3o e reconhecimento. Ronaldo reafirmou que a homenagem concedida pela C\u00e2mara representa a valoriza\u00e7\u00e3o do trabalho desenvolvido por pessoas que amam e se dedicam ao esporte e, com seu talento, divulgam e incentivam as mais diversas modalidades esportivas.</p>\r\n<p align=\"center\" style=\"text-align: center; \"><i>(Assessoria C\u00e2mara Municipal de Irati)</i></p>\r\n<p style=\"text-align: justify; \">\u00a0</p>\r\n<p>\u00a0</p>\r\n<p>\u00a0</p>\r\n<p>\u00a0</p>", "author_name": "", "version": "1.0", "author_url": "https://www.irati.pr.leg.br/author/RAFAELLA", "provider_name": "C\u00e2mara Municipal de Irati", "type": "rich"}