{"provider_url": "https://www.irati.pr.leg.br", "title": "Jorge Zen \u00e9 indicado l\u00edder do governo na C\u00e2mara", "html": "<p style=\"text-align: justify; \">\u00a0 \u00a0Durante o Expediente da Sess\u00e3o Ordin\u00e1ria de ontem (04 de outubro), foi lido o of\u00edcio n\u00ba 043/2022 do Executivo indicando o Vereador Jorge Luiz Zen (PSDB) para assumir os trabalhos de lideran\u00e7a do Governo Municipal na Casa de Leis, no lugar do vereador Nei Cabral (in memoriam). Os parlamentares cumprimentaram o vereador.</p>\r\n<p style=\"text-align: justify; \">\u00a0 \u00a0Jorge assumiu uma vaga no Legislativo no dia 10 de maio deste ano, no lugar do vereador Jos\u00e9 Renato Kffuri, licenciado para exercer o cargo de Secret\u00e1rio Municipal de Sa\u00fade. Zen \u00e9 o 1\u00ba Suplente do Partido da Social Democracia Brasileira \u2013 PSDB. \u201cAgrade\u00e7o ao prefeito pela confian\u00e7a, o meu trabalho ser\u00e1 criar um elo entre esta casa de Leis e o Executivo. Coloco meu nome \u00e0 disposi\u00e7\u00e3o dos colegas para que juntos possamos esclarecer todas as d\u00favidas e necessidades em prol da nossa popula\u00e7\u00e3o\u201d, afirmou.</p>\r\n<p align=\"center\"><i>(Assessoria C\u00e2mara Municipal de Irati)</i></p>\r\n<p>\u00a0</p>", "author_name": "", "version": "1.0", "author_url": "https://www.irati.pr.leg.br/author/RAFAELLA", "provider_name": "C\u00e2mara Municipal de Irati", "type": "rich"}