{"provider_url": "https://www.irati.pr.leg.br", "title": "C\u00e2mara vai propor Mo\u00e7\u00e3o em defesa das Apaes  ", "html": "<p style=\"text-align: justify; \">\u00a0 \u00a0No dia 27 de maio, foi realizada a 16\u00aa Sess\u00e3o Ordin\u00e1ria do 1\u00ba per\u00edodo do 1\u00ba ano da 28\u00aa Legislatura. Foram lidos no Expediente, of\u00edcios de respostas do Executivo, um novo projeto de lei do Legislativo, al\u00e9m de 18 indica\u00e7\u00f5es e duas requerimentos dos vereadores.</p>\r\n<p style=\"text-align: justify; \">\u00a0 \u00a0Durante o Expediente da Sess\u00e3o, al\u00e9m das indica\u00e7\u00f5es e requerimentos, foi lido o Projeto de Lei do Legislativo n\u00ba 016/2025 (Teresinha Miranda Veres), que denomina a Rua \u201cH\u201d, no bairro Riozinho, de Rua Mateus da Silva Pereira. A referida mat\u00e9ria lida, foi encaminhada \u00e0s Comiss\u00f5es Competentes da Casa, que dever\u00e3o emitir os pareceres. O projeto deve entrar para vota\u00e7\u00e3o na Sess\u00e3o Ordin\u00e1ria do dia 03 de junho.</p>\r\n<p style=\"text-align: justify; \"><b>ORDEM DO DIA</b><b></b></p>\r\n<p style=\"text-align: justify; \">\u00a0 \u00a0Em segunda vota\u00e7\u00e3o foram aprovados os projetos de lei do Executivo n\u00ba 029/2025, que altera e acresce dispositivos \u00e0 Lei Municipal n\u00ba 4336/2017, que institui o Conselho Municipal de Desenvolvimento Sustent\u00e1vel (CMDRS), e d\u00e1 outras provid\u00eancias e o n\u00ba 030/2025, que disp\u00f5e sobre a altera\u00e7\u00e3o da Lei Municipal n\u00ba 1922 de 23 de dezembro de 2023, e para revis\u00e3o da unidade de valor para custeio - UVC. Do Legislativo foi aprovado em primeira vota\u00e7\u00e3o o Projeto de Lei n\u00ba 015/2025 (Sybil Dietrich), que institui o Programa \u201cMaria da Penha nas Escolas\u201d no \u00e2mbito do Munic\u00edpio de Irati, Estado do Paran\u00e1, e d\u00e1 outras provid\u00eancias.</p>\r\n<p style=\"text-align: justify; \">\u00a0 \u00a0J\u00e1 em primeira vota\u00e7\u00e3o foi aprovado o Projeto de Lei do Executivo n\u00ba 023/2025, que \u201cdisp\u00f5e sobre a institui\u00e7\u00e3o do Programa de Compliance e Integridade no \u00e2mbito da Administra\u00e7\u00e3o P\u00fablica Direta e Indireta do Poder Executivo do Mun\u00edcipio de Irati-PR.\u201d Tamb\u00e9m foi aprovado em primeira, o Projeto de Lei do Legislativo n\u00ba 032/2025 que autoriza o Executivo a efetuar abertura de cr\u00e9dito adicional especial no valor de at\u00e9 R$ 1.449.339,21 no munic\u00edpio de Irati, para o exerc\u00edcio de 2025.</p>\r\n<p style=\"text-align: justify; \"><b>PALAVRA-LIVRE</b><b></b></p>\r\n<p style=\"text-align: justify; \">\u00a0 \u00a0A vereadora Teresinha Miranda Veres, atendendo pedidos da popula\u00e7\u00e3o, registrou a situa\u00e7\u00e3o da linha f\u00e9rrea, pr\u00f3ximo ao Clube Polon\u00eas, que recentemente foi submetida a manuten\u00e7\u00e3o e, ap\u00f3s os trabalhos realizados, verificou-se a exist\u00eancia de buracos e desn\u00edvel entre os trilhos, causando danos materiais aos ve\u00edculos. \u201cJ\u00e1 entrei em contato coma Rumo e pedi que esta situa\u00e7\u00e3o seja resolvida com agilidade\u201d. Teresinha tamb\u00e9m levantou uma bandeira que n\u00e3o \u00e9 s\u00f3 sua, mas de milhares de fam\u00edlias que contam diariamente com o apoio, o acolhimento e o trabalho s\u00e9rio das Apaes \u2013 Associa\u00e7\u00f5es de Pais e Amigos dos Excepcionais \u2013 em nosso Estado e pa\u00eds. \u201cAs Apaes desempenham um papel fundamental na educa\u00e7\u00e3o, no cuidado e na inclus\u00e3o de pessoas com defici\u00eancia intelectual e m\u00faltipla. Elas n\u00e3o s\u00e3o apenas institui\u00e7\u00f5es de atendimento, s\u00e3o espa\u00e7os de amor, respeito, dedica\u00e7\u00e3o e transforma\u00e7\u00e3o de vidas. Defender a continuidade das Apaes \u00e9 defender o direito \u00e0 dignidade, \u00e0 inclus\u00e3o social e \u00e0 cidadania dessas pessoas e de suas fam\u00edlias. \u00c9 reconhecer o esfor\u00e7o incans\u00e1vel de profissionais, volunt\u00e1rios e dirigentes que, mesmo com tantas dificuldades, mant\u00eam o funcionamento dessas entidades com excel\u00eancia e compromisso\u201d, enfatizou. A parlamentar contou que estar\u00e1 fazendo uma Mo\u00e7\u00e3o de Apoio \u00e0 Apae de Irati. \u201cPe\u00e7o ajuda de todos os vereadores para que juntos levantemos esta bandeira pelo n\u00e3o fechamento das institui\u00e7\u00f5es\u201d. Os vereadores enalteceram a inciativa da Mo\u00e7\u00e3o e a import\u00e2ncia das Apaes para muitas fam\u00edlias.\u00a0\u00a0</p>\r\n<p align=\"center\"><i>(Assessoria C\u00e2mara Municipal de Irati)</i></p>\r\n<p>\u00a0</p>", "author_name": "", "version": "1.0", "author_url": "https://www.irati.pr.leg.br/author/RAFAELLA", "provider_name": "C\u00e2mara Municipal de Irati", "type": "rich"}