{"provider_url": "https://www.irati.pr.leg.br", "title": "C\u00e2mara vai participar do Desfile C\u00edvico 2019", "html": "<p style=\"text-align: justify; \">\u00a0 \u00a0 A Prefeitura de Irati vai realizar neste s\u00e1bado (7 de setembro) um Desfile C\u00edvico em comemora\u00e7\u00e3o ao Dia da Independ\u00eancia do Brasil. O desfile acontecer\u00e1 na Rua Conselheiro Zacarias e assim como no ano passado, os Vereadores e os Mirins v\u00e3o participar desfilando no primeiro pelot\u00e3o representando o Legislativo. O Presidente Nei Cabral abrir\u00e1 o desfile junto com o prefeito, vice-prefeito e o juiz da Comarca de Irati.\u00a0</p>\r\n<p style=\"text-align: justify; \">\u00a0 \u00a0 Ao todo, 56 escolas desfilar\u00e3o, somando aproximadamente tr\u00eas mil participantes, distribu\u00eddos em 20 pelot\u00f5es, com destaque para os recursos humanos, tecnol\u00f3gicos e pedag\u00f3gicos, educa\u00e7\u00e3o infantil, escolas tradicionais, programas municipais e parcerias, eixos da rede de ensino nas \u00e1reas ambientais, diversidade, escola de leitores, inova\u00e7\u00f5es tecnol\u00f3gicas, dentre outras atividades.</p>\r\n<p style=\"text-align: justify; \">\u00a0 \u00a0 N\u00e3o h\u00e1 previs\u00e3o de chuva para o s\u00e1bado, de forma que est\u00e3o mantidos todos os preparativos para o Desfile. Antecedendo as apresenta\u00e7\u00f5es, \u00e0s 8 horas, as autoridades e o p\u00fablico ir\u00e3o participar de hasteamento do Pavilh\u00e3o Nacional na Pra\u00e7a da Bandeira.</p>\r\n<p style=\"text-align: justify; \">\u00a0 \u00a0 Esta \u00e9 a segunda vez que os Mirins participar\u00e3o deste importante ato que representa um verdadeiro e nobre exerc\u00edcio de cidadania. Os vereadores parabenizaram a inciativa da Prefeitura de realizar o Desfile, preservando a ess\u00eancia da data e refor\u00e7ando a import\u00e2ncia do resgate do civismo e do patriotismo.</p>\r\n<p align=\"center\"><i>(Assessoria C\u00e2mara Municipal de Irati)</i></p>", "author_name": "", "version": "1.0", "author_url": "https://www.irati.pr.leg.br/author/RAFAELLA", "provider_name": "C\u00e2mara Municipal de Irati", "type": "rich"}