{"provider_url": "https://www.irati.pr.leg.br", "title": "C\u00e2mara solicita melhorias em Escolas e CMEIs", "html": "<p style=\"text-align: justify; \">\u00a0 \u00a0Na Sess\u00e3o Ordin\u00e1ria do dia 07 de maio, os Vereadores apresentaram indica\u00e7\u00f5es ao Executivo solicitando a execu\u00e7\u00e3o de pavimenta\u00e7\u00e3o de vias urbanas e melhorias em estradas do interior e nos Centros Municipais de Educa\u00e7\u00e3o Infantil. Todos os pedidos foram aprovados por unanimidade de votos.</p>\r\n<p style=\"text-align: justify; \">\u00a0 \u00a0O 1\u00ba Secret\u00e1rio Jos\u00e9 Bodnar apresentou indica\u00e7\u00e3o sugerindo a execu\u00e7\u00e3o de pavimenta\u00e7\u00e3o em CBUQ na \u201cRua 01\u201d \u2013 travessa da Rua Padre Pires \u00e0 50 metros adiante da Rua Irm\u00e3 Miquelina (Morro da Santa) e pavimenta\u00e7\u00e3o em CBUQ com drenagem na Rua Rio Vermelho e Rua Ipiranga, no bairro Lagoa.</p>\r\n<p style=\"text-align: justify; \">\u00a0 \u00a0 Marcelo Rodrigues solicitou a execu\u00e7\u00e3o de uma travessia elevada ou lombada na Rua Guatemala, no bairro Engenheiro Gutierrez. Conforme ele, o redutor deve velocidade trar\u00e1 maior seguran\u00e7a aos usu\u00e1rios desta rua e proximidades. Nivaldo Bartoski sugeriu servi\u00e7os de patrolamento na estrada que liga Faxinal do Rio do Couro \u00e0 comunidade de Cachoeirinha do Palmital. Segundo ele, o pedido partiu da fam\u00edlia Obal, que est\u00e1 preocupada com as p\u00e9ssimas condi\u00e7\u00f5es da via, que n\u00e3o recebe manuten\u00e7\u00e3o h\u00e1 muito tempo.</p>\r\n<p style=\"text-align: justify; \">\u00a0 \u00a0 Roni Surek apresentou indica\u00e7\u00e3o sugerindo melhorias em institui\u00e7\u00f5es municipais de ensino: Escola Jo\u00e3o Paulo II: constru\u00e7\u00e3o de cal\u00e7adas no seu entorno; Escola Mercedes Braga: instala\u00e7\u00e3o de telas no gradil, para evitar a entrada de animais no p\u00e1tio; troca do piso das salas de aula e coloca\u00e7\u00e3o de lajotas no piso do refeit\u00f3rio; Escola Municipal da Lagoa: constru\u00e7\u00e3o com urg\u00eancia de duas salas de aula; amplia\u00e7\u00e3o da cozinha; fechamento do refeit\u00f3rio com o levantamento de paredes; identifica\u00e7\u00e3o no muro da escola; Escola Jo\u00e3o Maria Pedroso: constru\u00e7\u00e3o de biblioteca, refeit\u00f3rio e quatro salas de aula; CMEI Dona Candinha: constru\u00e7\u00e3o de quadra coberta para atividades f\u00edsicas e de lazer; Escola Jo\u00e3o Batista Anciutti: amplia\u00e7\u00e3o da cozinha; constru\u00e7\u00e3o de um refeit\u00f3rio e um almoxarifado; CMEI do CAIC: fornecimento de materiais de constru\u00e7\u00e3o para amplia\u00e7\u00e3o da cozinha (m\u00e3o de obra ser\u00e1 realizada pelos pais dos alunos que frequentam a institui\u00e7\u00e3o); Escola S\u00e3o Valdomiro: melhorias na rua que d\u00e1 acesso \u00e0 escola; CMEI Clari Gomes: instala\u00e7\u00e3o de um chuveiro no banheiro; compra de arm\u00e1rios e trocadores; pintura no gradil; constru\u00e7\u00e3o de quadra coberta para atividades f\u00edsicas e de lazer. O vereador tamb\u00e9m solicitou melhorias no dep\u00f3sito do Cemit\u00e9rio Municipal. \u201cO pedido se justifica em raz\u00e3o da necessidade de um espa\u00e7o mais adequado para armazenamento dos materiais e equipamentos utilizados nos servi\u00e7os de limpeza e manuten\u00e7\u00e3o do local\u201d, declarou Surek.</p>\r\n<p style=\"text-align: justify; \">\u00a0 \u00a0 O Presidente Nei Cabral, junto com o vereador Roni, solicitou o envio de of\u00edcio \u00e0 Diretoria do Rotary Club de Irati, a fim de convidar um representante a comparecer nesta Casa para discorrer sobre assuntos referentes aos servi\u00e7os e a\u00e7\u00f5es realizadas pela institui\u00e7\u00e3o. Surek junto com o vereador Jos\u00e9 Bodnar tamb\u00e9m solicitou que seja enviado, mediante of\u00edcio, um convite ao Secret\u00e1rio Municipal de Desenvolvimento Econ\u00f4mico, Emiliano Rocha Gomes, para que o mesmo fa\u00e7a uso da Tribuna Popular, com o intuito de prestar esclarecimentos referentes a pasta sob sua responsabilidade.</p>\r\n<p align=\"center\">(Assessoria C\u00e2mara Municipal de Irati)</p>\r\n<p>\u00a0</p>\r\n<p>\u00a0</p>\r\n<p>\u00a0</p>", "author_name": "", "version": "1.0", "author_url": "https://www.irati.pr.leg.br/author/RAFAELLA", "provider_name": "C\u00e2mara Municipal de Irati", "type": "rich"}