{"provider_url": "https://www.irati.pr.leg.br", "title": "C\u00e2mara inaugura Galeria de Ex-Presidentes ", "html": "<p style=\"text-align: justify; \">\u00a0 \u00a0A C\u00e2mara Municipal de Irati inaugurou nesta ter\u00e7a-feira (20 de dezembro), a Galeria de Ex-Presidentes, idealizada pelo Presidente Helio de Mello com a aprova\u00e7\u00e3o da Mesa Diretora. O espa\u00e7o, localizado no hall de entrada da C\u00e2mara, presta homenagem aos ex-presidentes do Legislativo. Al\u00e9m dos ex-representantes, o filho do vereador Nei Cabral (in memoriam) e o prefeito Jorge Derbli tamb\u00e9m marcaram presen\u00e7a.</p>\r\n<p style=\"text-align: justify; \">\u00a0 \u00a0A Galeria, de acordo com Helio, preserva a hist\u00f3ria pol\u00edtica do munic\u00edpio, valoriza os que fizeram e ainda fazem parte dela e reconhece os relevantes servi\u00e7os prestados pelos parlamentares no exerc\u00edcio dos seus mandatos. \u201cTodos n\u00f3s fizemos hist\u00f3ria dentro do Legislativo. \u00c9 fundamental que as novas gera\u00e7\u00f5es conhe\u00e7am e saibam quem participou desta constru\u00e7\u00e3o\u201d, enfatizou.</p>\r\n<p style=\"text-align: justify; \">\u00a0 \u00a0Representando os ex-presidentes, Sidnei Jonaldo Jorge, parabenizou a C\u00e2mara pela iniciativa. \u201cUm espa\u00e7o importante de reconhecimento daqueles que ajudaram a construir a hist\u00f3ria de Irati. A mem\u00f3ria de uma institui\u00e7\u00e3o ou de um povo representa uma importante fonte de ensinamentos\u201d, afirmou.</p>\r\n<p style=\"text-align: justify; \">\u00a0 \u00a0O prefeito Jorge Derbli disse que a hist\u00f3ria de uma cidade se d\u00e1 por meio de pessoas, e esta galeria imortaliza a trajet\u00f3ria de todos que contribu\u00edram para o desenvolvimento do munic\u00edpio. \u201cFicam as constru\u00e7\u00f5es, pontes e obras na constru\u00e7\u00e3o civil, e as pessoas se v\u00e3o, mas essa lembran\u00e7a\u00a0 imortaliza os ex-presidentes, assim como na Prefeitura est\u00e3o eternizados os ex-prefeitos. Nossos, filhos, netos e bisnetos poder\u00e3o conhecer mais sobre a hist\u00f3ria do nosso povo\u201d, parabenizou.</p>\r\n<p style=\"text-align: justify; \">\u00a0 \u00a0O espa\u00e7o conta com 11 quadros de ex-presidentes desde o bi\u00eanio 2001-2002 quando ocorreu a mudan\u00e7a da C\u00e2mara para o pr\u00e9dio atual. Est\u00e3o registrados em fotos: Eug\u00eanio Demczuk (2001-2002); Lu\u00eds Ant\u00f4nio Andreassa (2003-2004); Ant\u00f4nio Roberto Cequinel (2005 \u2013 2006); Marcelo da Luz Rodrigues da Anuncia\u00e7\u00e3o (2007 \u2013 2008); Sidnei Jonaldo Jorge (2009 \u2013 2010); Laudelino Ant\u00f4nio Filipus (2011 \u2013 2012); Amilton Komnitski (2013 \u2013 2014); Vilson Menon\u00a0(2015 \u2013 2016); Helio de Mello (2017 \u2013 2018); Valdenei Cabral da Silva (2019-2020) e Helio de Mello (2021-2022). Os demais ex-presidentes, desde o in\u00edcio da hist\u00f3ria do Parlamento Municipal, tamb\u00e9m est\u00e3o registrados, mas sem fotos.</p>\r\n<p style=\"text-align: justify; \">\u00a0 \u00a0Os retratos e registros das autoridades pol\u00edticas cont\u00eam o nome e o per\u00edodo da gest\u00e3o de cada um. Localizados no hall de entrada da Casa, ficar\u00e3o \u00e0 disposi\u00e7\u00e3o da popula\u00e7\u00e3o e escolas para visita\u00e7\u00f5es e registros.</p>\r\n<p align=\"center\">(Assessoria C\u00e2mara Municipal de Irati)</p>\r\n<p>\u00a0</p>\r\n<p>\u00a0</p>", "author_name": "", "version": "1.0", "author_url": "https://www.irati.pr.leg.br/author/RAFAELLA", "provider_name": "C\u00e2mara Municipal de Irati", "type": "rich"}