{"provider_url": "https://www.irati.pr.leg.br", "title": "C\u00e2mara homenageia profissionais iratienses", "html": "<p style=\"text-align: justify; \">\u00a0 \u00a0Nas \u00faltimas semanas, a C\u00e2mara aprovou por unanimidade de votos seis projetos de lei que homenageiam profissionais e trabalhadores iratienses. De autoria do vereador Roni Surek, as proposituras estabelecem \u2018Dias Municipais Comemorativos\u201d que passam a constar no Calend\u00e1rio Oficial de Eventos do Munic\u00edpio.</p>\r\n<p style=\"text-align: justify; \">\u00a0 \u00a0Os projetos aprovados instituem no Calend\u00e1rio Oficial do Munic\u00edpio o \u201cDia Municipal do M\u00e9dico Veterin\u00e1rio\u201d; \u201cDia Municipal do Engenheiro Florestal e do Engenheiro Ambiental\u201d; \u201cDia Municipal do T\u00e9cnico Florestal\u201d; \u201cDia Municipal do Nutricionista e do Engenheiro de Alimentos\u201d; \u201cDia Municipal do Engenheiro Agr\u00f4nomo e do T\u00e9cnico Agr\u00edcola\u201d e o \u201cDia Municipal do Educador F\u00edsico\u201d.</p>\r\n<p style=\"text-align: justify; \">\u00a0 \u00a0Os \"Dias Comemorativos\" propostos t\u00eam como objetivo homenagear e celebrar o trabalho e as a\u00e7\u00f5es destes profissionais na sociedade. O \u201cDia Municipal do M\u00e9dico Veterin\u00e1rio\u201d, dever\u00e1 ser comemorado, anualmente, no dia 04 de outubro, Dia de S\u00e3o Francisco de Assis. Conforme a propositura, os veterin\u00e1rios merecem reconhecimento pois s\u00e3o respons\u00e1veis por cuidar da sa\u00fade dos animais, ajudar na diminui\u00e7\u00e3o da propaga\u00e7\u00e3o de zoonoses e ainda auxiliar na preserva\u00e7\u00e3o da sa\u00fade da popula\u00e7\u00e3o.</p>\r\n<p style=\"text-align: justify; \">\u00a0 \u00a0O \u201cDia do Engenheiro Florestal e do Engenheiro Ambiental ser\u00e1 celebrado, anualmente, no dia 17 de julho, considerando a relevante contribui\u00e7\u00e3o do setor, tanto para o papel econ\u00f4mico quanto social, atrav\u00e9s da dedica\u00e7\u00e3o e colabora\u00e7\u00e3o destes profissionais que preservam e aumentam a produtividade dos recursos naturais. Da mesma forma, o \u201cDia Municipal do T\u00e9cnico Florestal\u201d dever\u00e1 ser comemorado no dia 23 de outubro.</p>\r\n<p style=\"text-align: justify; \">\u00a0 \u00a0O \u201cDia do Nutricionista e do Engenheiro de Alimentos\u201d ser\u00e1 celebrado, no dia 20 de outubro. De acordo com o projeto, estes profissionais merecem reconhecimento pois contribuem para a melhoria da qualidade de vida da popula\u00e7\u00e3o, trazendo mais sa\u00fade e bem-estar.</p>\r\n<p style=\"text-align: justify; \">\u00a0 \u00a0No dia 30 de mar\u00e7o, conforme o projeto de lei aprovado, ser\u00e1 comemorado o \u201cDia do Engenheiro Agr\u00f4nomo e do T\u00e9cnico Agr\u00edcola\u201d, respons\u00e1veis por ajudar a potencializar as capacidades de produ\u00e7\u00e3o da agricultura do munic\u00edpio, auxiliando no planejamento e execu\u00e7\u00e3o da agropecu\u00e1ria. E por fim, no dia 6 de mar\u00e7o, ser\u00e1 celebrado o \u201cDia do Educador F\u00edsico\u201d, data que contribui para a valoriza\u00e7\u00e3o da categoria, cuja atividade vai muito al\u00e9m da preocupa\u00e7\u00e3o com a forma f\u00edsica.</p>\r\n<p style=\"text-align: justify; \">\u00a0 \u00a0Os \u00f3rg\u00e3os competentes municipais dever\u00e3o organizar em conjunto com conselhos de classe, associa\u00e7\u00f5es, sindicatos, empresas e outras institui\u00e7\u00f5es da esfera p\u00fablica e privada, atividades e eventos alusivos \u00e0s datas institu\u00eddas em reconhecimento a estes profissionais. Os projetos aprovados por unanimidade de votos pelos parlamentares, seguem para san\u00e7\u00e3o do prefeito, que dever\u00e1 fazer justas e merecidas homenagens a estes profissionais que diariamente ajudam a escrever a hist\u00f3ria de Irati.</p>\r\n<p align=\"center\"><i>(Assessoria C\u00e2mara Municipal de Irati)</i></p>", "author_name": "", "version": "1.0", "author_url": "https://www.irati.pr.leg.br/author/RAFAELLA", "provider_name": "C\u00e2mara Municipal de Irati", "type": "rich"}