{"provider_url": "https://www.irati.pr.leg.br", "title": "Legislativo homenageia a Guarda Mirim de Irati", "html": "<p style=\"text-align: justify; \"><span>\u00a0 \u00a0Na noite do dia 11 de outubro, os vereadores</span> Helio de Mello, Amauri Cezar Jacumasso, Jos\u00e9 Ronaldo Ferreira e Leomar Jacumasso<span> entregaram Mo\u00e7\u00e3o de Aplausos \u00e0 Guarda Mirim de Irati em reconhecimento as conquistas alcan\u00e7adas pela banda, que recentemente venceu o 29\u00ba Campeonato Paranaense de Fanfarras e Bandas. A Mo\u00e7\u00e3o foi aprovada por unanimidade de votos pelos vereadores e prestigiada pela equipe da Guarda Mirim.</span></p>\r\n<p style=\"text-align: justify; \"><span>\u00a0 \u00a0A Banda composta por jovens de 12 a 20 anos participou do Campeonato com 26 alunos, al\u00e9m de quatro pessoas que deram apoio aos m\u00fasicos. Venceu o 29\u00ba Campeonato, na categoria Banda de Percuss\u00e3o Marcial Juvenil, evento organizado pela Federa\u00e7\u00e3o Paranaense de Fanfarras e Bandas, que aconteceu no dia 17 de setembro deste ano no Gin\u00e1sio de Esportes Gilmar Agibert em Prudent\u00f3polis. A Banda da Guarda Mirim \u00e9 Tetra campe\u00e3 Paranaense. </span></p>\r\n<p style=\"text-align: justify; \"><span>\u00a0 \u00a0De acordo com um dos autores da Mo\u00e7\u00e3o, Presidente Helio de Mello, a homenagem reconhece e homenageia a Guarda Mirim em raz\u00e3o do destaque que vem alcan\u00e7ando a n\u00edvel nacional representando o munic\u00edpio, orgulhando a todos por suas conquistas. \u201cExpressamos nossos agradecimentos \u00e0 delega\u00e7\u00e3o e a todos os envolvidos: diretoria, volunt\u00e1rios, colaboradores e, especialmente, \u00e0s crian\u00e7as e adolescentes que integram o projeto, que tem como valores a disciplina, o respeito e a educa\u00e7\u00e3o\u201d, parabenizou.</span></p>\r\n<p style=\"text-align: justify; \"><span>\u00a0 \u00a0Representando os homenageados, Jos\u00e9 Valdecir de Souza contou um pouco da hist\u00f3ria da Guarda Mirim e da luta em busca de instrumentos musicais para que as crian\u00e7as iniciassem com a Banda. \u201cCome\u00e7amos com poucos recursos e instrumentos antigos. Mas, com o pouco que t\u00ednhamos, em 2014, inscrevemos a banda na Confedera\u00e7\u00e3o Paranaense e ficamos, orgulhosamente, em segundo lugar. Em 2015, com muita ajuda evolu\u00edmos nos instrumentos e fomos campe\u00f5es paranaenses, comprovando o talento das nossas crian\u00e7as. Em seguida, participamos no Campeonato Nacional, concorremos com grandes bandas do pa\u00eds e mesmo com todas as nossas dificuldades fomos campe\u00f5es nacional de bandas e fanfarras. N\u00e3o tem como descrever a emo\u00e7\u00e3o da vit\u00f3ria. Depois disso, tivemos muitas conquistas e alcan\u00e7amos diversos t\u00edtulos. Hoje, temos instrumentos pr\u00f3prios. No dia 22 de outubro competiremos no Sul Americano em Itapema \u2013 SC, em novembro da Copa Irati de Bandas e Fanfarras e em dezembro do Campeonato Nacional em Niter\u00f3i no Rio de Janeiro. S\u00f3 temos a agradecer a todos pelo apoio que temos recebido, e em especial \u00e0 nossa equipe e \u00e0s nossas crian\u00e7as pela dedica\u00e7\u00e3o\u201d. </span></p>\r\n<p style=\"text-align: justify; \"><span>\u00a0 \u00a0Jos\u00e9 Ronaldo Ferreira tamb\u00e9m registrou os cumprimentos \u00e0 equipe e \u00e0s crian\u00e7as e lembrou o in\u00edcio da Guarda Mirim no tempo do Zezo e do Cabo Lima, o quanto que batalharam por este projeto. \u201cSomos companheiros da Guarda Mirim e estaremos sempre juntos lutando por suas conquistas. Projetos educativos como este al\u00e9m de elevar nome de Irati por todos os cantos do pa\u00eds o, s\u00e3o importantes para a forma\u00e7\u00e3o de cidad\u00e3os de bem\u201d.</span></p>\r\n<p style=\"text-align: justify; \"><span>\u00a0 \u00a0Os proponentes da honraria entregaram certificado de Mo\u00e7\u00e3o de Aplausos aos integrantes da Banda. Antes de encerrar a solenidade, o Presidente solicitou que em p\u00e9, publicamente, os Vereadores externassem a homenagem mediante aplausos. Helio reafirmou que a honraria representa o reconhecimento \u00e0 import\u00e2ncia do relevante trabalho prestado pela Guarda Mirim de Irati, a qual al\u00e9m de orgulhar e engrandecer o nome de Irati, contribui para que seus integrantes tenham grandes oportunidades no futuro e sejam cidad\u00e3os de bem.</span></p>\r\n<p align=\"center\"><i><span>(Assessoria C\u00e2mara Municipal de Irati)</span></i><span></span></p>", "author_name": "", "version": "1.0", "author_url": "https://www.irati.pr.leg.br/author/RAFAELLA", "provider_name": "C\u00e2mara Municipal de Irati", "type": "rich"}