{"provider_url": "https://www.irati.pr.leg.br", "title": "Tr\u00eas projetos do Legislativo s\u00e3o aprovados", "html": "<p style=\"text-align: justify; \">\u00a0 \u00a0 Na 4\u00aa Sess\u00e3o Ordin\u00e1ria do 2\u00ba Per\u00edodo do 4\u00ba Ano da 27\u00aa Legislatura, realizada no dia 27 de agosto, foi apresentado no Expediente um novo projeto de lei do Executivo e sete indica\u00e7\u00f5es dos vereadores. Na Ordem do Dia, tr\u00eas projetos foram aprovados por unanimidade de votos.<br />\u00a0 \u00a0 \u00a0Durante o Expediente, al\u00e9m das sete indica\u00e7\u00f5es apresentadas tamb\u00e9m foi lido o Projeto de Lei n\u00ba 036/2024, que autoriza o Executivo a abrir Cr\u00e9dito Adicional Especial, no valor de at\u00e9 R$ 100.000,00 no Or\u00e7amento do Caixa de Aposentadoria e Pens\u00e3o dos Servidores Municipais de Irati-CAPSIRATI, para o exerc\u00edcio de 2024. A referida mat\u00e9ria lida, foi encaminhada \u00e0s Comiss\u00f5es Competentes da Casa, que dever\u00e3o emitir os pareceres. O projeto deve entrar para vota\u00e7\u00e3o na Sess\u00e3o Ordin\u00e1ria do dia 03 de setembro.<br /><b>ORDEM DO DIA</b><br />\u00a0 \u00a0 Em segunda vota\u00e7\u00e3o, foram aprovados os Projetos de Lei do Legislativo n\u00ba 029/2024 (Helio de Mello), que inclui no Calend\u00e1rio Oficial de Festividades do Munic\u00edpio de Irati a Festa do Agricultor na Comunidade do Cerro da Ponte Alta e o n\u00ba 030/2024 (Jorge Luiz Zen), que denomina a Rua \u201c04\u201d do Loteamento Santos Dumont de Rua Pedro Maganalli. Em primeira vota\u00e7\u00e3o foi aprovado o projeto de lei n\u00ba 031/2024 (Helio de Mello), que denomina Rua \u201cSem Denomina\u00e7\u00e3o\u201d no bairro Vila Nova de Rua Primo Campagnaro.<br />\u00a0 \u00a0 \u00a0Na palavra-livre, o Presidente parabenizou o prefeito e a equipe pela organiza\u00e7\u00e3o da 3\u00aa Edi\u00e7\u00e3o da ExpoIrati, que superou todas as expectativas e se consolidou como um dos maiores eventos da regi\u00e3o.</p>\r\n<p align=\"center\"><i>Acompanhe a Sess\u00e3o Ordin\u00e1ria na \u00edntegra </i><i>no \u00edcone \u201cSess\u00f5es Gravadas\u201d.</i></p>\r\n<p align=\"center\">(Assessoria C\u00e2mara Municipal de Irati)</p>\r\n<p>\u00a0</p>", "author_name": "", "version": "1.0", "author_url": "https://www.irati.pr.leg.br/author/RAFAELLA", "provider_name": "C\u00e2mara Municipal de Irati", "type": "rich"}