{"provider_url": "https://www.irati.pr.leg.br", "title": "Presidentes da C\u00e2mara Municipal de Irati", "html": "<p class=\"titulo_azul\">\u00a0</p>\r\n<div class=\"texto\">\r\n<p>1907 \u2013 1908 \u2013 BENEDICTO DE MORAIS</p>\r\n<p>1908 \u2013 1912 \u2013 MANOEL GR\u00c1CIA</p>\r\n<p>1912 \u2013 1914 \u2013 PEDRO MENDES DE OLIVEIRA</p>\r\n<p>1914 \u2013 1915 \u2013 JOS\u00c9 TOBIAS BORGES</p>\r\n<p>1915 \u2013 1916 \u2013 CONSTANTINO ODRESKI</p>\r\n<p>1916 \u2013 1917 \u2013 CAETANO ZARPELLON</p>\r\n<p>1918 \u2013 1920 \u2013 ABIB MANSUR</p>\r\n<p>1920 \u2013 1922 \u2013 SEZINANDO PEDROSO DE QUADROS</p>\r\n<p>1923 \u2013 1924 \u2013 JO\u00c3O BATISTA ANCIUTTI</p>\r\n<p>1924 \u2013 1925 \u2013 ANTONIO XAVIER DA SILVEIRA</p>\r\n<p>1925 \u2013 1927 \u2013 ANTONIO LOPES</p>\r\n<p>1927 \u2013 1928 \u2013 JO\u00c3O BATISTA ANCIUTTI</p>\r\n<p>1928 \u2013 1929 \u2013 TEODORO CHICHEWICZ</p>\r\n<p>1929 \u2013 1930 \u2013 JO\u00c3O DE MATTOS PESSOA</p>\r\n<p>\u00a0\u00a0\u00a0\u00a0\u00a0\u00a0\u00a0\u00a0 1930 \u2013 MANOEL EUPHRASTO DE CARVALHO</p>\r\n<p>\u00a0</p>\r\n<p><strong>Em 1930 a C\u00e2mara Municipal de Irati foi dissolvida, criando-se o\u00a0 CONSELHO CONSULTIVO MUNICIPAL.</strong></p>\r\n<p>\u00a0</p>\r\n<p>Exerceram a Presid\u00eancia deste Conselho:</p>\r\n<p>1931 \u2013 1932 \u2013 JOS\u00c9 ALVIM DE MESSIAS</p>\r\n<p>\u00a0\u00a0\u00a0\u00a0\u00a0\u00a0\u00a0\u00a0 1932 \u2013 ALCIDES PEREIRA JUNIOR</p>\r\n<p>1932 - 1935 \u2013 JOS\u00c9 AUGUSTO DA SILVA</p>\r\n<p>\u00a0</p>\r\n<p><strong>Em 1935 ocorreram elei\u00e7\u00f5es para Vereadores e Prefeito, exercendo, ent\u00e3o, a presid\u00eancia da C\u00e2mara:</strong></p>\r\n<p><strong><br /></strong></p>\r\n<p>1936 \u2013 1937 \u2013 ALCIDES BOESE</p>\r\n<p>\u00a0</p>\r\n<p><strong>O Estado Novo encerrou as atividades do Poder Legislativo, s\u00f3 reaberto em 1947, ap\u00f3s a Constitui\u00e7\u00e3o de 1946 e a redemocratiza\u00e7\u00e3o do pa\u00eds. Exerceram a presid\u00eancia da C\u00e2mara Municipal de Irati \u00e0 partir desta \u00e9poca:</strong></p>\r\n<p>\u00a0</p>\r\n<p>\u00a0<span>1947 \u2013 1948 \u2013 GENIPLO CARVALHO DE ARA\u00daJO</span></p>\r\n<p>1949 \u2013 1950 \u2013 C\u00cdCERO DALLEGRAVE MOREIRA</p>\r\n<p>1951 \u2013 1952 \u2013 ANTONIO XAVIER DA SILVEIRA</p>\r\n<p>1953 \u2013 1954 \u2013 ANGELO BIACCHI SOBRINHO</p>\r\n<p>\u00a0\u00a0\u00a0\u00a0\u00a0\u00a0\u00a0\u00a0 1955 \u2013 ANTONIO XAVIER DA SILVEIRA</p>\r\n<p>1955 \u2013 1956 \u2013 ALEXANDRE BUCHMANN</p>\r\n<p>1957 \u2013 1958 \u2013 JOS\u00c9 GALICIOLLI</p>\r\n<p>\u00a0\u00a0\u00a0\u00a0\u00a0\u00a0\u00a0\u00a0 1958 \u2013 JOS\u00c9 SIQUEIRA ROSAS</p>\r\n<p>\u00a0\u00a0\u00a0\u00a0\u00a0\u00a0\u00a0\u00a0 1959 \u2013 JOS\u00c9 GALICIOLLI</p>\r\n<p>1960 \u2013 1961 \u2013 ANTONIO LOPES JUNIOR</p>\r\n<p>\u00a0\u00a0\u00a0\u00a0\u00a0\u00a0\u00a0\u00a0 1962 \u2013 FRAN\u00c7OIS ABIB</p>\r\n<p>\u00a0\u00a0\u00a0\u00a0\u00a0\u00a0\u00a0\u00a0 1963 \u2013 JO\u00c3O ANCIUTTI PESSOA</p>\r\n<p>1964 \u2013 1968 \u2013 LOURIVAL LUIZ FORNAZARI</p>\r\n<p>1969 \u2013 1970 \u2013 FRAN\u00c7OIS ABIB</p>\r\n<p>1971 \u2013 1972 \u2013 LOURIVAL LUIZ FORNAZARI</p>\r\n<p>1973 \u2013 1974 \u2013 PEDRO FILUS</p>\r\n<p>1975 \u2013 1976 \u2013 FRAN\u00c7OIS ABIB</p>\r\n<p>1977 \u2013 1978 \u2013 ANTONIO TOTI COLA\u00c7O VAZ - LUIZ FERNANDO F. GOMES</p>\r\n<p>1979 \u2013 1980 \u2013 JO\u00c3O VIEIRA DA ROSA</p>\r\n<p>1981 \u2013 1982 \u2013 LUIZ FERNANDO F. GOMES - IRACINY CAPELINI - ALCEU MACHADO DE MIRANDA</p>\r\n<p>1983 - 1985 \u2013 JOS\u00c9 MARIA ORREDA</p>\r\n<p>1985 \u2013 1987 \u2013 ROMEU AUGUSTO ZAMLORENZI</p>\r\n<p>1987 \u2013 1988 \u2013 JOSE CLAUDIR MENON - GERALDO JOS\u00c9 GADENS</p>\r\n<p>1989 \u2013 1990 \u2013 JO\u00c3O BATISTA GUERREIRO JUNIOR - JO\u00c3O MARIA PEDROSO</p>\r\n<p>1991 \u2013 1992 \u2013 SERGIO EDGARD ANDRADE GOMES</p>\r\n<p>1993 \u2013 1994 \u2013 ROBERTO SASS</p>\r\n<p>1995 \u2013 1996 \u2013 JOEL ANDERSON</p>\r\n<p>1997 \u2013 1998 \u2013 MEROSLAU KOLICHESKI</p>\r\n<p>1999 \u2013 2000 \u2013 JOEL FOGA\u00c7A DE ALMEIDA</p>\r\n<p>2001 \u2013 2002 \u2013 EUG\u00caNIO DEMCZUK</p>\r\n<p>2003 \u2013 2004 \u2013 LUIS ANTONIO ANDREASSA</p>\r\n<p>2005 \u2013 2006 \u2013 ANTONIO ROBERTO CEQUINEL</p>\r\n<p>2007 \u2013 2008 \u2013 MARCELO DA LUZ RODRIGUES DA ANUNCIA\u00c7\u00c3O</p>\r\n<p>2009 \u2013 2010 \u2013 SIDNEI JONALDO JORGE</p>\r\n<p>2011 \u2013 2012 \u2013 LAUDELINO ANT\u00d4NIO FILIPUS</p>\r\n<p>2013 - 2014 - AMILTON KOMNITSKI</p>\r\n<p><span>2015 - 2016 - \u00a0VILSON MENON</span><span>\u00a0</span></p>\r\n<p><span>2017 - 2018 - HELIO DE MELLO</span></p>\r\n<p><span><br /></span></p>\r\n<p><em>Fontes: ORREDA, Jos\u00e9 Maria. Irati. Irati, PR : EDIPAR, 1981.</em></p>\r\n<p><em>\u00a0\u00a0\u00a0\u00a0\u00a0\u00a0\u00a0\u00a0\u00a0\u00a0\u00a0 Arquivo da C\u00e2mara Municipal de Irati</em></p>\r\n<div><em><br /></em></div>\r\n</div>", "author_name": "irt", "version": "1.0", "author_url": "https://www.irati.pr.leg.br/author/irt", "provider_name": "C\u00e2mara Municipal de Irati", "type": "rich"}